{"id":22,"count":0,"description":"La segunda causa judicial, la 12.092, se abri\u00f3 en Almer\u00eda, donde fue detenido el 30 de marzo de 1939 e ingresado en la prisi\u00f3n provincial Ingenio.","link":"https:\/\/poncebernal.es\/?cat=22","name":"ALMER\u00cdA","slug":"almeria","taxonomy":"category","parent":19,"meta":[],"_links":{"self":[{"href":"https:\/\/poncebernal.es\/index.php?rest_route=\/wp\/v2\/categories\/22"}],"collection":[{"href":"https:\/\/poncebernal.es\/index.php?rest_route=\/wp\/v2\/categories"}],"about":[{"href":"https:\/\/poncebernal.es\/index.php?rest_route=\/wp\/v2\/taxonomies\/category"}],"up":[{"embeddable":true,"href":"https:\/\/poncebernal.es\/index.php?rest_route=\/wp\/v2\/categories\/19"}],"wp:post_type":[{"href":"https:\/\/poncebernal.es\/index.php?rest_route=%2Fwp%2Fv2%2Fposts&categories=22"}],"curies":[{"name":"wp","href":"https:\/\/api.w.org\/{rel}","templated":true}]}}